{"id":561,"date":"2025-06-25T08:05:34","date_gmt":"2025-06-25T15:05:34","guid":{"rendered":"https:\/\/msp-plus.pointblue.org\/?p=561"},"modified":"2025-06-25T08:43:19","modified_gmt":"2025-06-25T15:43:19","slug":"sal-artesanal-aves-playeras-guatemala","status":"publish","type":"post","link":"https:\/\/msp-plus.pointblue.org\/es\/sal-artesanal-aves-playeras-guatemala\/","title":{"rendered":"La sal artesanal y las aves playeras encuentran un futuro en com\u00fan en las costas del Pac\u00edfico en Guatemala"},"content":{"rendered":"\t\t<div data-elementor-type=\"wp-post\" data-elementor-id=\"561\" class=\"elementor elementor-561 elementor-551\" data-elementor-post-type=\"post\">\n\t\t\t\t<div class=\"elementor-element elementor-element-3d62b675 e-flex e-con-boxed e-con e-parent\" data-id=\"3d62b675\" data-element_type=\"container\" data-e-type=\"container\">\n\t\t\t\t\t<div class=\"e-con-inner\">\n\t\t\t\t<div class=\"elementor-element elementor-element-70dd0cc5 elementor-widget elementor-widget-text-editor\" data-id=\"70dd0cc5\" data-element_type=\"widget\" data-e-type=\"widget\" data-widget_type=\"text-editor.default\">\n\t\t\t\t<div class=\"elementor-widget-container\">\n\t\t\t\t\t\t\t\t\t<h2><span style=\"font-weight: 400;\">Una alianza por la sal, la naturaleza y el futuro<\/span><\/h2>\t\t\t\t\t\t\t\t<\/div>\n\t\t\t\t<\/div>\n\t\t\t\t<div class=\"elementor-element elementor-element-172adab elementor-widget elementor-widget-text-editor\" data-id=\"172adab\" data-element_type=\"widget\" data-e-type=\"widget\" data-widget_type=\"text-editor.default\">\n\t\t\t\t<div class=\"elementor-widget-container\">\n\t\t\t\t\t\t\t\t\t<h3>MSP+ Ciencia para la acci\u00f3n 2024-2025<\/h3>\t\t\t\t\t\t\t\t<\/div>\n\t\t\t\t<\/div>\n\t\t\t\t\t<\/div>\n\t\t\t\t<\/div>\n\t\t<div class=\"elementor-element elementor-element-e1bd3b0 e-flex e-con-boxed e-con e-parent\" data-id=\"e1bd3b0\" data-element_type=\"container\" data-e-type=\"container\">\n\t\t\t\t\t<div class=\"e-con-inner\">\n\t\t<div class=\"elementor-element elementor-element-619a0415 e-con-full e-flex e-con e-child\" data-id=\"619a0415\" data-element_type=\"container\" data-e-type=\"container\">\n\t\t\t\t<div class=\"elementor-element elementor-element-af5f115 elementor-widget elementor-widget-image\" data-id=\"af5f115\" data-element_type=\"widget\" data-e-type=\"widget\" data-widget_type=\"image.default\">\n\t\t\t\t<div class=\"elementor-widget-container\">\n\t\t\t\t\t\t\t\t\t\t\t\t<figure class=\"wp-caption\">\n\t\t\t\t\t\t\t\t\t\t<img fetchpriority=\"high\" decoding=\"async\" width=\"800\" height=\"600\" src=\"https:\/\/msp-plus.pointblue.org\/wp-content\/uploads\/2_Fundaeco.png\" class=\"attachment-large size-large wp-image-505\" alt=\"Ni\u00f1os y j\u00f3venes observado aves playeras. Foto cortes\u00eda Gabriel Valle. FUNDAECO\" srcset=\"https:\/\/msp-plus.pointblue.org\/wp-content\/uploads\/2_Fundaeco.png 800w, https:\/\/msp-plus.pointblue.org\/wp-content\/uploads\/2_Fundaeco-300x225.png 300w, https:\/\/msp-plus.pointblue.org\/wp-content\/uploads\/2_Fundaeco-768x576.png 768w\" sizes=\"(max-width: 800px) 100vw, 800px\" \/>\t\t\t\t\t\t\t\t\t\t\t<figcaption class=\"widget-image-caption wp-caption-text\">Ni\u00f1os y j\u00f3venes observado aves playeras. Foto cortes\u00eda Gabriel Valle. FUNDAECO<\/figcaption>\n\t\t\t\t\t\t\t\t\t\t<\/figure>\n\t\t\t\t\t\t\t\t\t<\/div>\n\t\t\t\t<\/div>\n\t\t\t\t<\/div>\n\t\t<div class=\"elementor-element elementor-element-341f7f7a e-con-full e-flex e-con e-child\" data-id=\"341f7f7a\" data-element_type=\"container\" data-e-type=\"container\">\n\t\t\t\t<div class=\"elementor-element elementor-element-5839b9a6 elementor-widget elementor-widget-text-editor\" data-id=\"5839b9a6\" data-element_type=\"widget\" data-e-type=\"widget\" data-widget_type=\"text-editor.default\">\n\t\t\t\t<div class=\"elementor-widget-container\">\n\t\t\t\t\t\t\t\t\t<p><span style=\"font-weight: 400;\">En la comunidad costera de <\/span>El Jard\u00edn<span style=\"font-weight: 400;\">, en Sipacate, la riqueza natural es innegable: <strong>manglares y humedales rebosantes de vida acu\u00e1tica y un cielo cruzado por aves<\/strong>. Sin embargo, esta comunidad, alejada de los centros urbanos, ha sido hist\u00f3ricamente olvidada por los gobiernos locales y nacionales.<\/span><\/p><p><span style=\"font-weight: 400;\">Aqu\u00ed es donde entra en acci\u00f3n <\/span>MSP+<b>: <\/b><span style=\"font-weight: 400;\">este programa ha sido clave <strong>para promover actividades de conservaci\u00f3n y desarrollo sostenible<\/strong> en la zona.<\/span><\/p>\t\t\t\t\t\t\t\t<\/div>\n\t\t\t\t<\/div>\n\t\t\t\t<\/div>\n\t\t\t\t\t<\/div>\n\t\t\t\t<\/div>\n\t\t<div class=\"elementor-element elementor-element-5a9454c5 e-flex e-con-boxed e-con e-parent\" data-id=\"5a9454c5\" data-element_type=\"container\" data-e-type=\"container\">\n\t\t\t\t\t<div class=\"e-con-inner\">\n\t\t<div class=\"elementor-element elementor-element-2da9c165 e-con-full e-flex e-con e-child\" data-id=\"2da9c165\" data-element_type=\"container\" data-e-type=\"container\">\n\t\t\t\t<div class=\"elementor-element elementor-element-2629a1ec elementor-widget elementor-widget-heading\" data-id=\"2629a1ec\" data-element_type=\"widget\" data-e-type=\"widget\" data-widget_type=\"heading.default\">\n\t\t\t\t<div class=\"elementor-widget-container\">\n\t\t\t\t\t<h2 class=\"elementor-heading-title elementor-size-default\">MSP+ hace la diferencia, con una innovaci\u00f3n en el manejo de agua<\/h2>\t\t\t\t<\/div>\n\t\t\t\t<\/div>\n\t\t\t\t<div class=\"elementor-element elementor-element-509903fb elementor-widget elementor-widget-text-editor\" data-id=\"509903fb\" data-element_type=\"widget\" data-e-type=\"widget\" data-widget_type=\"text-editor.default\">\n\t\t\t\t<div class=\"elementor-widget-container\">\n\t\t\t\t\t\t\t\t\t<p><span style=\"font-weight: 400;\">Durante la primera fase\u00a0<\/span>de trabajo en 2023-2024 con los productores artesanales de sal en El Jard\u00edn junto al equipo de <a href=\"https:\/\/nam11.safelinks.protection.outlook.com\/?url=https%3A%2F%2Ffundaeco.org.gt%2Ffe%2F&amp;data=05%7C02%7Cdeusse-CTR%40pointblue.org%7Cbd28411cd71446ad3f0a08dd86725173%7C0131db1e582f4fe9969fd1fc43e48f5f%7C0%7C0%7C638814548026380266%7CUnknown%7CTWFpbGZsb3d8eyJFbXB0eU1hcGkiOnRydWUsIlYiOiIwLjAuMDAwMCIsIlAiOiJXaW4zMiIsIkFOIjoiTWFpbCIsIldUIjoyfQ%3D%3D%7C0%7C%7C%7C&amp;sdata=YCtPnRbfGvipIvdgZpGo5L%2Bg4mv%2FA8KP%2FKtgRvXfQqg%3D&amp;reserved=0\">FUNDAECO<\/a> <strong>identificamos amenazas clave para las aves playeras, como la p\u00e9rdida de h\u00e1bitat, la cacer\u00eda y la contaminaci\u00f3n<\/strong>. Estas problem\u00e1ticas tienen ra\u00edces profundas: bajos niveles de escolaridad, escasas alternativas econ\u00f3micas y un conocimiento limitado sobre la importancia de conservar la biodiversidad.<\/p><p><span style=\"font-weight: 400;\">En respuesta, <strong>desarrollamos un <\/strong><\/span><b>protocolo innovador de manejo del agua en la producci\u00f3n de sal<\/b><span style=\"font-weight: 400;\">, que est\u00e1 siendo probado con \u00e9xito. Este esfuerzo no solo mejora las condiciones para las aves, sino que tambi\u00e9n optimiza la producci\u00f3n de sal de forma sostenible. Pronto, este modelo podr\u00e1 ser compartido con otras comunidades a nivel local y regional. <\/span><\/p><p><span style=\"font-weight: 400;\">Ver la historia de la <a href=\"https:\/\/msp-plus.pointblue.org\/es\/salinas-y-aves-playeras-en-guatemala\/\">primera fase<\/a>.<\/span><\/p>\t\t\t\t\t\t\t\t<\/div>\n\t\t\t\t<\/div>\n\t\t\t\t<\/div>\n\t\t<div class=\"elementor-element elementor-element-2ba516d5 e-con-full e-flex e-con e-child\" data-id=\"2ba516d5\" data-element_type=\"container\" data-e-type=\"container\">\n\t\t\t\t<div class=\"elementor-element elementor-element-464bb954 elementor-widget elementor-widget-image\" data-id=\"464bb954\" data-element_type=\"widget\" data-e-type=\"widget\" data-widget_type=\"image.default\">\n\t\t\t\t<div class=\"elementor-widget-container\">\n\t\t\t\t\t\t\t\t\t\t\t\t<figure class=\"wp-caption\">\n\t\t\t\t\t\t\t\t\t\t<img decoding=\"async\" width=\"800\" height=\"600\" src=\"https:\/\/msp-plus.pointblue.org\/wp-content\/uploads\/3_Fundaeco.png\" class=\"attachment-large size-large wp-image-501\" alt=\"Salineras artesanales en El Jard\u00edn. Foto cortes\u00eda de Matt Reiter.\" srcset=\"https:\/\/msp-plus.pointblue.org\/wp-content\/uploads\/3_Fundaeco.png 800w, https:\/\/msp-plus.pointblue.org\/wp-content\/uploads\/3_Fundaeco-300x225.png 300w, https:\/\/msp-plus.pointblue.org\/wp-content\/uploads\/3_Fundaeco-768x576.png 768w\" sizes=\"(max-width: 800px) 100vw, 800px\" \/>\t\t\t\t\t\t\t\t\t\t\t<figcaption class=\"widget-image-caption wp-caption-text\">Salineras artesanales en El Jard\u00edn. Foto cortes\u00eda de Matt Reiter.<\/figcaption>\n\t\t\t\t\t\t\t\t\t\t<\/figure>\n\t\t\t\t\t\t\t\t\t<\/div>\n\t\t\t\t<\/div>\n\t\t\t\t<\/div>\n\t\t\t\t\t<\/div>\n\t\t\t\t<\/div>\n\t\t<div class=\"elementor-element elementor-element-426e494b e-flex e-con-boxed e-con e-parent\" data-id=\"426e494b\" data-element_type=\"container\" data-e-type=\"container\">\n\t\t\t\t\t<div class=\"e-con-inner\">\n\t\t\t\t<div class=\"elementor-element elementor-element-1a2f2d14 elementor-widget elementor-widget-heading\" data-id=\"1a2f2d14\" data-element_type=\"widget\" data-e-type=\"widget\" data-widget_type=\"heading.default\">\n\t\t\t\t<div class=\"elementor-widget-container\">\n\t\t\t\t\t<h2 class=\"elementor-heading-title elementor-size-default\">Resultados que inspiran, Educaci\u00f3n y arte que transforma<\/h2>\t\t\t\t<\/div>\n\t\t\t\t<\/div>\n\t\t\t\t<div class=\"elementor-element elementor-element-3d4daa19 elementor-widget elementor-widget-text-editor\" data-id=\"3d4daa19\" data-element_type=\"widget\" data-e-type=\"widget\" data-widget_type=\"text-editor.default\">\n\t\t\t\t<div class=\"elementor-widget-container\">\n\t\t\t\t\t\t\t\t\t<p><span style=\"font-weight: 400;\">Nuestro impacto va m\u00e1s all\u00e1 de las salinas. <strong>Sabemos que el cambio duradero comienza con las nuevas generaciones.<\/strong> Por eso, impulsamos actividades art\u00edsticas y educativas centradas en las aves playeras, despertando la curiosidad y el compromiso de ni\u00f1as, ni\u00f1os y docentes. Ha sido notorio el cambio tanto en los alumnos de la escuela como en los maestros, participan de las actividades de arte y educaci\u00f3n ambiental.<\/span><\/p><p><span style=\"font-weight: 400;\">La escuela de El Jard\u00edn se ha convertido en un faro de conciencia ambiental. <strong>Un nuevo P<\/strong><\/span><strong>lan de recolecci\u00f3n y reciclaje<\/strong><span style=\"font-weight: 400;\"><strong> de residuos ha nacido all\u00ed,<\/strong> con el potencial de replicarse en otras escuelas del municipio. Este es solo el inicio de una transformaci\u00f3n que puede abrir puertas a alternativas como el ecoturismo, la creaci\u00f3n de artesan\u00edas y nuevos emprendimientos verdes.<\/span><\/p>\t\t\t\t\t\t\t\t<\/div>\n\t\t\t\t<\/div>\n\t\t\t\t<div class=\"elementor-element elementor-element-49903479 elementor-widget elementor-widget-image\" data-id=\"49903479\" data-element_type=\"widget\" data-e-type=\"widget\" data-widget_type=\"image.default\">\n\t\t\t\t<div class=\"elementor-widget-container\">\n\t\t\t\t\t\t\t\t\t\t\t\t\t\t\t<img decoding=\"async\" width=\"1024\" height=\"559\" src=\"https:\/\/msp-plus.pointblue.org\/wp-content\/uploads\/4_Fundaeco-1024x559.png\" class=\"attachment-large size-large wp-image-499\" alt=\"Ni\u00f1as, ni\u00f1os y j\u00f3venes en clase art\u00edstica. Foto cortes\u00eda de Alfredo Valle. FUNDAECO.\" srcset=\"https:\/\/msp-plus.pointblue.org\/wp-content\/uploads\/4_Fundaeco-1024x559.png 1024w, https:\/\/msp-plus.pointblue.org\/wp-content\/uploads\/4_Fundaeco-300x164.png 300w, https:\/\/msp-plus.pointblue.org\/wp-content\/uploads\/4_Fundaeco-768x419.png 768w, https:\/\/msp-plus.pointblue.org\/wp-content\/uploads\/4_Fundaeco.png 1100w\" sizes=\"(max-width: 1024px) 100vw, 1024px\" \/>\t\t\t\t\t\t\t\t\t\t\t\t\t\t\t<\/div>\n\t\t\t\t<\/div>\n\t\t\t\t\t<\/div>\n\t\t\t\t<\/div>\n\t\t<div class=\"elementor-element elementor-element-36142fb8 e-flex e-con-boxed e-con e-parent\" data-id=\"36142fb8\" data-element_type=\"container\" data-e-type=\"container\">\n\t\t\t\t\t<div class=\"e-con-inner\">\n\t\t\t\t<div class=\"elementor-element elementor-element-12fc1a19 elementor-widget elementor-widget-heading\" data-id=\"12fc1a19\" data-element_type=\"widget\" data-e-type=\"widget\" data-widget_type=\"heading.default\">\n\t\t\t\t<div class=\"elementor-widget-container\">\n\t\t\t\t\t<h2 class=\"elementor-heading-title elementor-size-default\">Lo que viene: oportunidades para multiplicar el impacto<\/h2>\t\t\t\t<\/div>\n\t\t\t\t<\/div>\n\t\t\t\t<div class=\"elementor-element elementor-element-5992bd49 elementor-widget elementor-widget-text-editor\" data-id=\"5992bd49\" data-element_type=\"widget\" data-e-type=\"widget\" data-widget_type=\"text-editor.default\">\n\t\t\t\t<div class=\"elementor-widget-container\">\n\t\t\t\t\t\t\t\t\t<p><span style=\"font-weight: 400;\">Estamos en un momento crucial. <strong>Es necesario crear espacios para <\/strong><\/span><strong>compartir la experiencia de El Jard\u00edn<\/strong><span style=\"font-weight: 400;\">, dar valor agregado para mejorar la comercializaci\u00f3n de sal artesanal sostenible a nivel regional, de manera que la implementaci\u00f3n de medidas de conservaci\u00f3n resulte en mejores ingresos para los productores.\u00a0<\/span><\/p><p><span style=\"font-weight: 400;\">Tambi\u00e9n es necesario asegurar la <\/span><b>continuidad de las actividades educativa<\/b><strong>s<\/strong><span style=\"font-weight: 400;\"><strong> con los ni\u00f1os y j\u00f3venes,<\/strong> quienes ser\u00e1n los futuros l\u00edderes locales. Finalmente, es importante apoyar <\/span><strong>nuevos emprendimientos<\/strong><span style=\"font-weight: 400;\"><strong> basados en la conservaci\u00f3n de las aves playeras<\/strong>, para que la conservaci\u00f3n de las aves playeras no sea solo el inicio sino una oportunidad de vida para j\u00f3venes locales.<\/span><\/p><p><span style=\"font-weight: 400;\">Las familias de El Jard\u00edn ya est\u00e1n dando los primeros pasos hacia un futuro m\u00e1s justo, m\u00e1s verde y esperanzador. <\/span><\/p>\t\t\t\t\t\t\t\t<\/div>\n\t\t\t\t<\/div>\n\t\t\t\t<div class=\"elementor-element elementor-element-1d5be599 elementor-widget elementor-widget-heading\" data-id=\"1d5be599\" data-element_type=\"widget\" data-e-type=\"widget\" data-widget_type=\"heading.default\">\n\t\t\t\t<div class=\"elementor-widget-container\">\n\t\t\t\t\t<h2 class=\"elementor-heading-title elementor-size-default\">Socios principales<\/h2>\t\t\t\t<\/div>\n\t\t\t\t<\/div>\n\t\t\t\t<div class=\"elementor-element elementor-element-39b06f51 elementor-widget elementor-widget-text-editor\" data-id=\"39b06f51\" data-element_type=\"widget\" data-e-type=\"widget\" data-widget_type=\"text-editor.default\">\n\t\t\t\t<div class=\"elementor-widget-container\">\n\t\t\t\t\t\t\t\t\t<p><span style=\"font-weight: 400;\"><a href=\"https:\/\/www.ffem.fr\/es\/rechercher\">French Global Environment Facility (FFEM)<\/a><\/span><\/p>\n<p><a href=\"https:\/\/www.instagram.com\/guardianas_del_estuario?igsh=MXRtN3ZycW1sY3cxZg%3D%3D&amp;utm_source=qr\"><span style=\"font-weight: 400;\">Guardianas del estuario<\/span><\/a><\/p>\n\t\t\t\t\t\t\t\t<\/div>\n\t\t\t\t<\/div>\n\t\t\t\t\t<\/div>\n\t\t\t\t<\/div>\n\t\t<div class=\"elementor-element elementor-element-522b65cc e-flex e-con-boxed e-con e-parent\" data-id=\"522b65cc\" data-element_type=\"container\" data-e-type=\"container\">\n\t\t\t\t\t<div class=\"e-con-inner\">\n\t\t\t\t<div class=\"elementor-element elementor-element-6da772f8 elementor-widget elementor-widget-text-editor\" data-id=\"6da772f8\" data-element_type=\"widget\" data-e-type=\"widget\" data-widget_type=\"text-editor.default\">\n\t\t\t\t<div class=\"elementor-widget-container\">\n\t\t\t\t\t\t\t\t\t<h3><b>Para conocer m\u00e1s sobre este proyecto<\/b><\/h3>\n<p><a href=\"https:\/\/nam11.safelinks.protection.outlook.com\/?url=https%3A%2F%2Ffundaeco.org.gt%2Ffe%2F&amp;data=05%7C02%7Cdeusse-CTR%40pointblue.org%7Cbd28411cd71446ad3f0a08dd86725173%7C0131db1e582f4fe9969fd1fc43e48f5f%7C0%7C0%7C638814548026380266%7CUnknown%7CTWFpbGZsb3d8eyJFbXB0eU1hcGkiOnRydWUsIlYiOiIwLjAuMDAwMCIsIlAiOiJXaW4zMiIsIkFOIjoiTWFpbCIsIldUIjoyfQ%3D%3D%7C0%7C%7C%7C&amp;sdata=YCtPnRbfGvipIvdgZpGo5L%2Bg4mv%2FA8KP%2FKtgRvXfQqg%3D&amp;reserved=0\"><span style=\"font-weight: 400;\">FUNDAECO<\/span><\/a><\/p>\n<p><span style=\"font-weight: 400;\">Ingrid Arias <a href=\"mailto:i.arias@fundaeco.org.gt\">i.arias@fundaeco.org.gt<\/a><\/span><\/p>\n<p><span style=\"font-weight: 400;\">Bianca Bosarreyes <a href=\"mailto:b.bosarreyes@fundaeco.org.gt\">b.bosarreyes@fundaeco.org.gt<\/a><\/span><\/p>\n\t\t\t\t\t\t\t\t<\/div>\n\t\t\t\t<\/div>\n\t\t\t\t\t<\/div>\n\t\t\t\t<\/div>\n\t\t\t\t<\/div>\n\t\t","protected":false},"excerpt":{"rendered":"<p>Una alianza por la sal, la naturaleza y el futuro MSP+ Ciencia para la acci\u00f3n 2024-2025 Ni\u00f1os y j\u00f3venes observado aves playeras. Foto cortes\u00eda Gabriel Valle. FUNDAECO En la comunidad costera de El Jard\u00edn, en Sipacate, la riqueza natural es innegable: manglares y humedales rebosantes de vida acu\u00e1tica y un cielo cruzado por aves. Sin [&hellip;]<\/p>\n","protected":false},"author":9,"featured_media":556,"comment_status":"open","ping_status":"open","sticky":false,"template":"","format":"standard","meta":{"_monsterinsights_skip_tracking":false,"_monsterinsights_sitenote_active":false,"_monsterinsights_sitenote_note":"","_monsterinsights_sitenote_category":0,"footnotes":""},"categories":[29],"tags":[64,65,65,89,80,82,66,79,88,67,87,63],"class_list":{"0":"post-561","1":"post","2":"type-post","3":"status-publish","4":"format-standard","5":"has-post-thumbnail","6":"hentry","7":"category-guatemala-es","8":"tag-artisanal-salt-es","9":"tag-children-es","11":"tag-conocimiento","12":"tag-conservacion","13":"tag-entrenamiento","14":"tag-guatemala-es","15":"tag-jovenes","16":"tag-ninas-y-ninos","17":"tag-outreach-es","18":"tag-sal-artesanal","19":"tag-training-es"},"yoast_head":"<!-- This site is optimized with the Yoast SEO plugin v27.5 - https:\/\/yoast.com\/product\/yoast-seo-wordpress\/ -->\n<title>La sal artesanal y las aves playeras encuentran un futuro en com\u00fan en las costas del Pac\u00edfico en Guatemala - MSP PLUS<\/title>\n<meta name=\"robots\" content=\"index, follow, max-snippet:-1, max-image-preview:large, max-video-preview:-1\" \/>\n<link rel=\"canonical\" href=\"https:\/\/msp-plus.pointblue.org\/es\/sal-artesanal-aves-playeras-guatemala\/\" \/>\n<meta property=\"og:locale\" content=\"es_ES\" \/>\n<meta property=\"og:type\" content=\"article\" \/>\n<meta property=\"og:title\" content=\"La sal artesanal y las aves playeras encuentran un futuro en com\u00fan en las costas del Pac\u00edfico en Guatemala - MSP PLUS\" \/>\n<meta property=\"og:description\" content=\"Una alianza por la sal, la naturaleza y el futuro MSP+ Ciencia para la acci\u00f3n 2024-2025 Ni\u00f1os y j\u00f3venes observado aves playeras. Foto cortes\u00eda Gabriel Valle. FUNDAECO En la comunidad costera de El Jard\u00edn, en Sipacate, la riqueza natural es innegable: manglares y humedales rebosantes de vida acu\u00e1tica y un cielo cruzado por aves. Sin [&hellip;]\" \/>\n<meta property=\"og:url\" content=\"https:\/\/msp-plus.pointblue.org\/es\/sal-artesanal-aves-playeras-guatemala\/\" \/>\n<meta property=\"og:site_name\" content=\"MSP PLUS\" \/>\n<meta property=\"article:published_time\" content=\"2025-06-25T15:05:34+00:00\" \/>\n<meta property=\"article:modified_time\" content=\"2025-06-25T15:43:19+00:00\" \/>\n<meta property=\"og:image\" content=\"https:\/\/msp-plus.pointblue.org\/wp-content\/uploads\/1_Fundaeco-1.png\" \/>\n\t<meta property=\"og:image:width\" content=\"800\" \/>\n\t<meta property=\"og:image:height\" content=\"600\" \/>\n\t<meta property=\"og:image:type\" content=\"image\/png\" \/>\n<meta name=\"author\" content=\"Diana Eusse\" \/>\n<meta name=\"twitter:card\" content=\"summary_large_image\" \/>\n<meta name=\"twitter:label1\" content=\"Escrito por\" \/>\n\t<meta name=\"twitter:data1\" content=\"Diana Eusse\" \/>\n\t<meta name=\"twitter:label2\" content=\"Tiempo de lectura\" \/>\n\t<meta name=\"twitter:data2\" content=\"4 minutos\" \/>\n<script type=\"application\/ld+json\" class=\"yoast-schema-graph\">{\"@context\":\"https:\\\/\\\/schema.org\",\"@graph\":[{\"@type\":\"Article\",\"@id\":\"https:\\\/\\\/msp-plus.pointblue.org\\\/es\\\/sal-artesanal-aves-playeras-guatemala\\\/#article\",\"isPartOf\":{\"@id\":\"https:\\\/\\\/msp-plus.pointblue.org\\\/es\\\/sal-artesanal-aves-playeras-guatemala\\\/\"},\"author\":{\"name\":\"Diana Eusse\",\"@id\":\"https:\\\/\\\/msp-plus.pointblue.org\\\/es\\\/#\\\/schema\\\/person\\\/1f8ba80cba25313323303348c821063c\"},\"headline\":\"La sal artesanal y las aves playeras encuentran un futuro en com\u00fan en las costas del Pac\u00edfico en Guatemala\",\"datePublished\":\"2025-06-25T15:05:34+00:00\",\"dateModified\":\"2025-06-25T15:43:19+00:00\",\"mainEntityOfPage\":{\"@id\":\"https:\\\/\\\/msp-plus.pointblue.org\\\/es\\\/sal-artesanal-aves-playeras-guatemala\\\/\"},\"wordCount\":613,\"commentCount\":0,\"publisher\":{\"@id\":\"https:\\\/\\\/msp-plus.pointblue.org\\\/es\\\/#organization\"},\"image\":{\"@id\":\"https:\\\/\\\/msp-plus.pointblue.org\\\/es\\\/sal-artesanal-aves-playeras-guatemala\\\/#primaryimage\"},\"thumbnailUrl\":\"https:\\\/\\\/msp-plus.pointblue.org\\\/wp-content\\\/uploads\\\/1_Fundaeco-1.png\",\"keywords\":[\"Artisanal salt\",\"Children\",\"Children\",\"Conocimiento\",\"Conservaci\u00f3n\",\"Entrenamiento\",\"Guatemala\",\"J\u00f3venes\",\"Ni\u00f1as y ni\u00f1os\",\"Outreach\",\"Sal artesanal\",\"Training\"],\"articleSection\":[\"Guatemala\"],\"inLanguage\":\"es\",\"potentialAction\":[{\"@type\":\"CommentAction\",\"name\":\"Comment\",\"target\":[\"https:\\\/\\\/msp-plus.pointblue.org\\\/es\\\/sal-artesanal-aves-playeras-guatemala\\\/#respond\"]}]},{\"@type\":\"WebPage\",\"@id\":\"https:\\\/\\\/msp-plus.pointblue.org\\\/es\\\/sal-artesanal-aves-playeras-guatemala\\\/\",\"url\":\"https:\\\/\\\/msp-plus.pointblue.org\\\/es\\\/sal-artesanal-aves-playeras-guatemala\\\/\",\"name\":\"La sal artesanal y las aves playeras encuentran un futuro en com\u00fan en las costas del Pac\u00edfico en Guatemala - MSP PLUS\",\"isPartOf\":{\"@id\":\"https:\\\/\\\/msp-plus.pointblue.org\\\/es\\\/#website\"},\"primaryImageOfPage\":{\"@id\":\"https:\\\/\\\/msp-plus.pointblue.org\\\/es\\\/sal-artesanal-aves-playeras-guatemala\\\/#primaryimage\"},\"image\":{\"@id\":\"https:\\\/\\\/msp-plus.pointblue.org\\\/es\\\/sal-artesanal-aves-playeras-guatemala\\\/#primaryimage\"},\"thumbnailUrl\":\"https:\\\/\\\/msp-plus.pointblue.org\\\/wp-content\\\/uploads\\\/1_Fundaeco-1.png\",\"datePublished\":\"2025-06-25T15:05:34+00:00\",\"dateModified\":\"2025-06-25T15:43:19+00:00\",\"breadcrumb\":{\"@id\":\"https:\\\/\\\/msp-plus.pointblue.org\\\/es\\\/sal-artesanal-aves-playeras-guatemala\\\/#breadcrumb\"},\"inLanguage\":\"es\",\"potentialAction\":[{\"@type\":\"ReadAction\",\"target\":[\"https:\\\/\\\/msp-plus.pointblue.org\\\/es\\\/sal-artesanal-aves-playeras-guatemala\\\/\"]}]},{\"@type\":\"ImageObject\",\"inLanguage\":\"es\",\"@id\":\"https:\\\/\\\/msp-plus.pointblue.org\\\/es\\\/sal-artesanal-aves-playeras-guatemala\\\/#primaryimage\",\"url\":\"https:\\\/\\\/msp-plus.pointblue.org\\\/wp-content\\\/uploads\\\/1_Fundaeco-1.png\",\"contentUrl\":\"https:\\\/\\\/msp-plus.pointblue.org\\\/wp-content\\\/uploads\\\/1_Fundaeco-1.png\",\"width\":800,\"height\":600},{\"@type\":\"BreadcrumbList\",\"@id\":\"https:\\\/\\\/msp-plus.pointblue.org\\\/es\\\/sal-artesanal-aves-playeras-guatemala\\\/#breadcrumb\",\"itemListElement\":[{\"@type\":\"ListItem\",\"position\":1,\"name\":\"Home\",\"item\":\"https:\\\/\\\/msp-plus.pointblue.org\\\/es\\\/\"},{\"@type\":\"ListItem\",\"position\":2,\"name\":\"La sal artesanal y las aves playeras encuentran un futuro en com\u00fan en las costas del Pac\u00edfico en Guatemala\"}]},{\"@type\":\"WebSite\",\"@id\":\"https:\\\/\\\/msp-plus.pointblue.org\\\/es\\\/#website\",\"url\":\"https:\\\/\\\/msp-plus.pointblue.org\\\/es\\\/\",\"name\":\"MSP PLUS\",\"description\":\"Migratory Shorebird Project Plus\",\"publisher\":{\"@id\":\"https:\\\/\\\/msp-plus.pointblue.org\\\/es\\\/#organization\"},\"potentialAction\":[{\"@type\":\"SearchAction\",\"target\":{\"@type\":\"EntryPoint\",\"urlTemplate\":\"https:\\\/\\\/msp-plus.pointblue.org\\\/es\\\/?s={search_term_string}\"},\"query-input\":{\"@type\":\"PropertyValueSpecification\",\"valueRequired\":true,\"valueName\":\"search_term_string\"}}],\"inLanguage\":\"es\"},{\"@type\":\"Organization\",\"@id\":\"https:\\\/\\\/msp-plus.pointblue.org\\\/es\\\/#organization\",\"name\":\"MSP PLUS\",\"url\":\"https:\\\/\\\/msp-plus.pointblue.org\\\/es\\\/\",\"logo\":{\"@type\":\"ImageObject\",\"inLanguage\":\"es\",\"@id\":\"https:\\\/\\\/msp-plus.pointblue.org\\\/es\\\/#\\\/schema\\\/logo\\\/image\\\/\",\"url\":\"https:\\\/\\\/msp-plus.pointblue.org\\\/wp-content\\\/uploads\\\/mspfinal-logo.png\",\"contentUrl\":\"https:\\\/\\\/msp-plus.pointblue.org\\\/wp-content\\\/uploads\\\/mspfinal-logo.png\",\"width\":300,\"height\":90,\"caption\":\"MSP PLUS\"},\"image\":{\"@id\":\"https:\\\/\\\/msp-plus.pointblue.org\\\/es\\\/#\\\/schema\\\/logo\\\/image\\\/\"}},{\"@type\":\"Person\",\"@id\":\"https:\\\/\\\/msp-plus.pointblue.org\\\/es\\\/#\\\/schema\\\/person\\\/1f8ba80cba25313323303348c821063c\",\"name\":\"Diana Eusse\",\"image\":{\"@type\":\"ImageObject\",\"inLanguage\":\"es\",\"@id\":\"https:\\\/\\\/secure.gravatar.com\\\/avatar\\\/a68e1f7488d1b8cc2b01eceadd519199b0e38034c4890de26bc67bf91a39858b?s=96&d=mm&r=g\",\"url\":\"https:\\\/\\\/secure.gravatar.com\\\/avatar\\\/a68e1f7488d1b8cc2b01eceadd519199b0e38034c4890de26bc67bf91a39858b?s=96&d=mm&r=g\",\"contentUrl\":\"https:\\\/\\\/secure.gravatar.com\\\/avatar\\\/a68e1f7488d1b8cc2b01eceadd519199b0e38034c4890de26bc67bf91a39858b?s=96&d=mm&r=g\",\"caption\":\"Diana Eusse\"},\"url\":\"https:\\\/\\\/msp-plus.pointblue.org\\\/es\\\/author\\\/deusse-ctrpointblue-org\\\/\"}]}<\/script>\n<!-- \/ Yoast SEO plugin. -->","yoast_head_json":{"title":"La sal artesanal y las aves playeras encuentran un futuro en com\u00fan en las costas del Pac\u00edfico en Guatemala - MSP PLUS","robots":{"index":"index","follow":"follow","max-snippet":"max-snippet:-1","max-image-preview":"max-image-preview:large","max-video-preview":"max-video-preview:-1"},"canonical":"https:\/\/msp-plus.pointblue.org\/es\/sal-artesanal-aves-playeras-guatemala\/","og_locale":"es_ES","og_type":"article","og_title":"La sal artesanal y las aves playeras encuentran un futuro en com\u00fan en las costas del Pac\u00edfico en Guatemala - MSP PLUS","og_description":"Una alianza por la sal, la naturaleza y el futuro MSP+ Ciencia para la acci\u00f3n 2024-2025 Ni\u00f1os y j\u00f3venes observado aves playeras. Foto cortes\u00eda Gabriel Valle. FUNDAECO En la comunidad costera de El Jard\u00edn, en Sipacate, la riqueza natural es innegable: manglares y humedales rebosantes de vida acu\u00e1tica y un cielo cruzado por aves. Sin [&hellip;]","og_url":"https:\/\/msp-plus.pointblue.org\/es\/sal-artesanal-aves-playeras-guatemala\/","og_site_name":"MSP PLUS","article_published_time":"2025-06-25T15:05:34+00:00","article_modified_time":"2025-06-25T15:43:19+00:00","og_image":[{"width":800,"height":600,"url":"https:\/\/msp-plus.pointblue.org\/wp-content\/uploads\/1_Fundaeco-1.png","type":"image\/png"}],"author":"Diana Eusse","twitter_card":"summary_large_image","twitter_misc":{"Escrito por":"Diana Eusse","Tiempo de lectura":"4 minutos"},"schema":{"@context":"https:\/\/schema.org","@graph":[{"@type":"Article","@id":"https:\/\/msp-plus.pointblue.org\/es\/sal-artesanal-aves-playeras-guatemala\/#article","isPartOf":{"@id":"https:\/\/msp-plus.pointblue.org\/es\/sal-artesanal-aves-playeras-guatemala\/"},"author":{"name":"Diana Eusse","@id":"https:\/\/msp-plus.pointblue.org\/es\/#\/schema\/person\/1f8ba80cba25313323303348c821063c"},"headline":"La sal artesanal y las aves playeras encuentran un futuro en com\u00fan en las costas del Pac\u00edfico en Guatemala","datePublished":"2025-06-25T15:05:34+00:00","dateModified":"2025-06-25T15:43:19+00:00","mainEntityOfPage":{"@id":"https:\/\/msp-plus.pointblue.org\/es\/sal-artesanal-aves-playeras-guatemala\/"},"wordCount":613,"commentCount":0,"publisher":{"@id":"https:\/\/msp-plus.pointblue.org\/es\/#organization"},"image":{"@id":"https:\/\/msp-plus.pointblue.org\/es\/sal-artesanal-aves-playeras-guatemala\/#primaryimage"},"thumbnailUrl":"https:\/\/msp-plus.pointblue.org\/wp-content\/uploads\/1_Fundaeco-1.png","keywords":["Artisanal salt","Children","Children","Conocimiento","Conservaci\u00f3n","Entrenamiento","Guatemala","J\u00f3venes","Ni\u00f1as y ni\u00f1os","Outreach","Sal artesanal","Training"],"articleSection":["Guatemala"],"inLanguage":"es","potentialAction":[{"@type":"CommentAction","name":"Comment","target":["https:\/\/msp-plus.pointblue.org\/es\/sal-artesanal-aves-playeras-guatemala\/#respond"]}]},{"@type":"WebPage","@id":"https:\/\/msp-plus.pointblue.org\/es\/sal-artesanal-aves-playeras-guatemala\/","url":"https:\/\/msp-plus.pointblue.org\/es\/sal-artesanal-aves-playeras-guatemala\/","name":"La sal artesanal y las aves playeras encuentran un futuro en com\u00fan en las costas del Pac\u00edfico en Guatemala - MSP PLUS","isPartOf":{"@id":"https:\/\/msp-plus.pointblue.org\/es\/#website"},"primaryImageOfPage":{"@id":"https:\/\/msp-plus.pointblue.org\/es\/sal-artesanal-aves-playeras-guatemala\/#primaryimage"},"image":{"@id":"https:\/\/msp-plus.pointblue.org\/es\/sal-artesanal-aves-playeras-guatemala\/#primaryimage"},"thumbnailUrl":"https:\/\/msp-plus.pointblue.org\/wp-content\/uploads\/1_Fundaeco-1.png","datePublished":"2025-06-25T15:05:34+00:00","dateModified":"2025-06-25T15:43:19+00:00","breadcrumb":{"@id":"https:\/\/msp-plus.pointblue.org\/es\/sal-artesanal-aves-playeras-guatemala\/#breadcrumb"},"inLanguage":"es","potentialAction":[{"@type":"ReadAction","target":["https:\/\/msp-plus.pointblue.org\/es\/sal-artesanal-aves-playeras-guatemala\/"]}]},{"@type":"ImageObject","inLanguage":"es","@id":"https:\/\/msp-plus.pointblue.org\/es\/sal-artesanal-aves-playeras-guatemala\/#primaryimage","url":"https:\/\/msp-plus.pointblue.org\/wp-content\/uploads\/1_Fundaeco-1.png","contentUrl":"https:\/\/msp-plus.pointblue.org\/wp-content\/uploads\/1_Fundaeco-1.png","width":800,"height":600},{"@type":"BreadcrumbList","@id":"https:\/\/msp-plus.pointblue.org\/es\/sal-artesanal-aves-playeras-guatemala\/#breadcrumb","itemListElement":[{"@type":"ListItem","position":1,"name":"Home","item":"https:\/\/msp-plus.pointblue.org\/es\/"},{"@type":"ListItem","position":2,"name":"La sal artesanal y las aves playeras encuentran un futuro en com\u00fan en las costas del Pac\u00edfico en Guatemala"}]},{"@type":"WebSite","@id":"https:\/\/msp-plus.pointblue.org\/es\/#website","url":"https:\/\/msp-plus.pointblue.org\/es\/","name":"MSP PLUS","description":"Migratory Shorebird Project Plus","publisher":{"@id":"https:\/\/msp-plus.pointblue.org\/es\/#organization"},"potentialAction":[{"@type":"SearchAction","target":{"@type":"EntryPoint","urlTemplate":"https:\/\/msp-plus.pointblue.org\/es\/?s={search_term_string}"},"query-input":{"@type":"PropertyValueSpecification","valueRequired":true,"valueName":"search_term_string"}}],"inLanguage":"es"},{"@type":"Organization","@id":"https:\/\/msp-plus.pointblue.org\/es\/#organization","name":"MSP PLUS","url":"https:\/\/msp-plus.pointblue.org\/es\/","logo":{"@type":"ImageObject","inLanguage":"es","@id":"https:\/\/msp-plus.pointblue.org\/es\/#\/schema\/logo\/image\/","url":"https:\/\/msp-plus.pointblue.org\/wp-content\/uploads\/mspfinal-logo.png","contentUrl":"https:\/\/msp-plus.pointblue.org\/wp-content\/uploads\/mspfinal-logo.png","width":300,"height":90,"caption":"MSP PLUS"},"image":{"@id":"https:\/\/msp-plus.pointblue.org\/es\/#\/schema\/logo\/image\/"}},{"@type":"Person","@id":"https:\/\/msp-plus.pointblue.org\/es\/#\/schema\/person\/1f8ba80cba25313323303348c821063c","name":"Diana Eusse","image":{"@type":"ImageObject","inLanguage":"es","@id":"https:\/\/secure.gravatar.com\/avatar\/a68e1f7488d1b8cc2b01eceadd519199b0e38034c4890de26bc67bf91a39858b?s=96&d=mm&r=g","url":"https:\/\/secure.gravatar.com\/avatar\/a68e1f7488d1b8cc2b01eceadd519199b0e38034c4890de26bc67bf91a39858b?s=96&d=mm&r=g","contentUrl":"https:\/\/secure.gravatar.com\/avatar\/a68e1f7488d1b8cc2b01eceadd519199b0e38034c4890de26bc67bf91a39858b?s=96&d=mm&r=g","caption":"Diana Eusse"},"url":"https:\/\/msp-plus.pointblue.org\/es\/author\/deusse-ctrpointblue-org\/"}]}},"_links":{"self":[{"href":"https:\/\/msp-plus.pointblue.org\/es\/wp-json\/wp\/v2\/posts\/561","targetHints":{"allow":["GET"]}}],"collection":[{"href":"https:\/\/msp-plus.pointblue.org\/es\/wp-json\/wp\/v2\/posts"}],"about":[{"href":"https:\/\/msp-plus.pointblue.org\/es\/wp-json\/wp\/v2\/types\/post"}],"author":[{"embeddable":true,"href":"https:\/\/msp-plus.pointblue.org\/es\/wp-json\/wp\/v2\/users\/9"}],"replies":[{"embeddable":true,"href":"https:\/\/msp-plus.pointblue.org\/es\/wp-json\/wp\/v2\/comments?post=561"}],"version-history":[{"count":0,"href":"https:\/\/msp-plus.pointblue.org\/es\/wp-json\/wp\/v2\/posts\/561\/revisions"}],"wp:featuredmedia":[{"embeddable":true,"href":"https:\/\/msp-plus.pointblue.org\/es\/wp-json\/wp\/v2\/media\/556"}],"wp:attachment":[{"href":"https:\/\/msp-plus.pointblue.org\/es\/wp-json\/wp\/v2\/media?parent=561"}],"wp:term":[{"taxonomy":"category","embeddable":true,"href":"https:\/\/msp-plus.pointblue.org\/es\/wp-json\/wp\/v2\/categories?post=561"},{"taxonomy":"post_tag","embeddable":true,"href":"https:\/\/msp-plus.pointblue.org\/es\/wp-json\/wp\/v2\/tags?post=561"}],"curies":[{"name":"wp","href":"https:\/\/api.w.org\/{rel}","templated":true}]}}